{"id":1954,"date":"2026-01-08T18:39:23","date_gmt":"2026-01-08T17:39:23","guid":{"rendered":"https:\/\/kleingartenverein-sternplatz.de\/?p=1954"},"modified":"2026-01-08T18:39:23","modified_gmt":"2026-01-08T17:39:23","slug":"gartentipp-november-2025","status":"publish","type":"post","link":"https:\/\/kleingartenverein-sternplatz.de\/?p=1954","title":{"rendered":"Gartentipp November 2025"},"content":{"rendered":"\n<p style=\"font-size:26px\"><strong>Eine Jahreszeit drei Anfangsdaten \u2013 der Winter<\/strong><\/p>\n\n\n\n<p>Wenn Anfang November die ersten Bl\u00e4tter der Eichen fallen, beginnt nach dem ph\u00e4nologischen Kalender der Winter. Anders als die festen Daten des kalendarischen und des meteorologischen Winteranfangs, variiert der ph\u00e4nologische Winterbeginn von Region zu Region. In den H\u00f6henlagen der Gebirge h\u00e4lt der Winter mit Schnee und Eis zuerst Einzug. Aktuelle Gartentipps f\u00fcr den November gibt Gartenfachberater Sven-Karsten Kaiser. <\/p>\n\n\n\n<p class=\"has-link-color wp-elements-074b2beb83c8bdf2681f15eb28a131ec\"><strong>Hier die aktuellen Gartentipps &#8211; auch zum <a href=\"\/wp-content\/uploads\/2026\/01\/Schaukasten-November-2025_web.pdf\" target=\"_blank\" rel=\"noreferrer noopener nofollow\">Download (PDF).<\/a><\/strong><\/p>\n\n\n\n<figure class=\"wp-block-image aligncenter size-full\"><img fetchpriority=\"high\" decoding=\"async\" width=\"794\" height=\"1123\" src=\"https:\/\/kleingartenverein-sternplatz.de\/wp-content\/uploads\/2026\/01\/Schaukasten-November-2025.webp\" alt=\"\" class=\"wp-image-1961\" srcset=\"https:\/\/kleingartenverein-sternplatz.de\/wp-content\/uploads\/2026\/01\/Schaukasten-November-2025.webp 794w, https:\/\/kleingartenverein-sternplatz.de\/wp-content\/uploads\/2026\/01\/Schaukasten-November-2025-212x300.webp 212w, https:\/\/kleingartenverein-sternplatz.de\/wp-content\/uploads\/2026\/01\/Schaukasten-November-2025-724x1024.webp 724w, https:\/\/kleingartenverein-sternplatz.de\/wp-content\/uploads\/2026\/01\/Schaukasten-November-2025-768x1086.webp 768w, https:\/\/kleingartenverein-sternplatz.de\/wp-content\/uploads\/2026\/01\/Schaukasten-November-2025-200x283.webp 200w\" sizes=\"(max-width: 794px) 100vw, 794px\" \/><\/figure>\n\n\n\n<p><\/p>\n","protected":false},"excerpt":{"rendered":"<p>Eine Jahreszeit drei Anfangsdaten \u2013 der Winter Wenn Anfang November die ersten Bl\u00e4tter der Eichen fallen, beginnt nach dem ph\u00e4nologischen Kalender der Winter. Anders als die festen Daten des kalendarischen und des meteorologischen Winteranfangs, variiert der ph\u00e4nologische Winterbeginn von Region zu Region. In den H\u00f6henlagen der Gebirge h\u00e4lt der Winter mit Schnee und Eis zuerst [&hellip;]<\/p>\n","protected":false},"author":2,"featured_media":0,"comment_status":"closed","ping_status":"closed","sticky":false,"template":"","format":"standard","meta":{"footnotes":""},"categories":[26],"tags":[],"class_list":["post-1954","post","type-post","status-publish","format-standard","hentry","category-aktuelles"],"_links":{"self":[{"href":"https:\/\/kleingartenverein-sternplatz.de\/index.php?rest_route=\/wp\/v2\/posts\/1954","targetHints":{"allow":["GET"]}}],"collection":[{"href":"https:\/\/kleingartenverein-sternplatz.de\/index.php?rest_route=\/wp\/v2\/posts"}],"about":[{"href":"https:\/\/kleingartenverein-sternplatz.de\/index.php?rest_route=\/wp\/v2\/types\/post"}],"author":[{"embeddable":true,"href":"https:\/\/kleingartenverein-sternplatz.de\/index.php?rest_route=\/wp\/v2\/users\/2"}],"replies":[{"embeddable":true,"href":"https:\/\/kleingartenverein-sternplatz.de\/index.php?rest_route=%2Fwp%2Fv2%2Fcomments&post=1954"}],"version-history":[{"count":4,"href":"https:\/\/kleingartenverein-sternplatz.de\/index.php?rest_route=\/wp\/v2\/posts\/1954\/revisions"}],"predecessor-version":[{"id":1974,"href":"https:\/\/kleingartenverein-sternplatz.de\/index.php?rest_route=\/wp\/v2\/posts\/1954\/revisions\/1974"}],"wp:attachment":[{"href":"https:\/\/kleingartenverein-sternplatz.de\/index.php?rest_route=%2Fwp%2Fv2%2Fmedia&parent=1954"}],"wp:term":[{"taxonomy":"category","embeddable":true,"href":"https:\/\/kleingartenverein-sternplatz.de\/index.php?rest_route=%2Fwp%2Fv2%2Fcategories&post=1954"},{"taxonomy":"post_tag","embeddable":true,"href":"https:\/\/kleingartenverein-sternplatz.de\/index.php?rest_route=%2Fwp%2Fv2%2Ftags&post=1954"}],"curies":[{"name":"wp","href":"https:\/\/api.w.org\/{rel}","templated":true}]}}